  {"id":11319,"date":"2025-08-13T10:40:45","date_gmt":"2025-08-13T10:40:45","guid":{"rendered":"https:\/\/somcomunitats.coop\/?post_type=ce-news&#038;p=11319"},"modified":"2026-03-17T11:21:35","modified_gmt":"2026-03-17T11:21:35","slug":"madrid","status":"publish","type":"ce-news","link":"https:\/\/somcomunitats.coop\/es\/noticies\/madrid\/","title":{"rendered":"Empieza la campa\u00f1a para activar 150 nuevas Comunidades Energ\u00e9ticas en Madrid"},"content":{"rendered":"\n<p>Las personas y entidades que quieran ya pueden sumarse para impulsar la creaci\u00f3n de nuevas Comunidades Energ\u00e9ticas de la Econom\u00eda Social en 184 municipios y barrios de la Comunidad de Madrid para dar un salto adelante en la cada vez m\u00e1s necesaria transici\u00f3n energ\u00e9tica.<\/p>\n\n\n\n<p>Para ello, desde el proyecto Som Comunitats del cual Ecooo forma parte, animamos a la ciudadan\u00eda, la administraci\u00f3n p\u00fablica y las empresas del territorio a sumarse a la campa\u00f1a y activar, entre todas, m\u00e1s de 184 Comunidades Energ\u00e9ticas.&nbsp;<\/p>\n\n\n\n<p>Sumarse es f\u00e1cil, basta con buscar vuestro municipio o barrio en el siguiente <a href=\"https:\/\/community-maps.somenergia.coop\/es\/somcomunitats\/maps\/sumate-ecooo\" target=\"_blank\" rel=\"noreferrer noopener\"><strong>mapa<\/strong><\/a>. All\u00ed encontrar\u00e9is una Comunidad Energ\u00e9tica donde inscribiros. Cuando el objetivo de personas est\u00e9 alcanzado, ser\u00e1 el momento de organizar un primer encuentro para empezar a andar en la constituci\u00f3n de la Comunidad:<\/p>\n\n\n\n<div class=\"wp-block-group is-style-no-padding is-content-justification-center is-nowrap is-layout-flex wp-container-core-group-is-layout-23441af8 wp-block-group-is-layout-flex\">\n<div style=\"height:100px;width:0px\" aria-hidden=\"true\" class=\"wp-block-spacer is-style-show-tablet-desktop wp-container-content-95b39f08\"><\/div>\n\n\n\n<div id=\"mapa\" class=\"wp-block-group wp-container-content-9cfa9a5a is-layout-flow wp-block-group-is-layout-flow\">\n<div style=\"height:10px;width:0px\" aria-hidden=\"true\" class=\"wp-block-spacer\"><\/div>\n\n\n\n<iframe\n  id=\"community-map\"\n  src=\"https:\/\/community-maps.somenergia.coop\/es\/somcomunitats\/maps\/sumate-ecooo\"\n  width=\"900\"\n  height=\"600\"\n  allowfullscreen=\"true\"\n  allow=\"clipboard-write\"\n  loading=\"lazy\"\n  frameborder=\"0\"\n><\/iframe>\n<script\n  data-iframe-id=\"community-map\"\n  src=\"https:\/\/community-maps.somenergia.coop\/iframe-integration.js\"\n  type=\"application\/javascript\"\n><\/script>\n<\/div>\n<\/div>\n\n\n\n<p class=\"has-text-align-center\">&#8211; <a href=\"https:\/\/community-maps.somenergia.coop\/es\/somcomunitats\/maps\/sumate-ecooo\" target=\"_blank\" rel=\"noreferrer noopener\">abrir mapa<\/a> &#8211;<\/p>\n\n\n\n<div style=\"height:16px;width:0px\" aria-hidden=\"true\" class=\"wp-block-spacer is-style-show-tablet-desktop\"><\/div>\n\n\n\n<p>Esta iniciativa forma parte de la alianza para impulsar <strong>m\u00e1s de <a href=\"https:\/\/somcomunitats.coop\/es\/noticies\/800-comunidades-energeticas-en-euskal-herria-madrid-y-castilla-y-leon\/\" target=\"_blank\" rel=\"noreferrer noopener\">1.800 nuevas Comunidades Energ\u00e9ticas<\/a> a nivel estatal<\/strong> y se est\u00e1 llevando a cabo tambi\u00e9n en <a href=\"https:\/\/somcomunitats.coop\/es\/noticies\/euskal-herria\/\" target=\"_blank\" rel=\"noreferrer noopener\"><strong>Euskal Herria<\/strong><\/a>, <strong><a href=\"https:\/\/somcomunitats.coop\/es\/noticies\/castilla-leon\/\" target=\"_blank\" rel=\"noreferrer noopener\">Castilla y Le\u00f3n<\/a><\/strong> y <strong><a href=\"https:\/\/somcomunitats.coop\/#mapa\" target=\"_blank\" rel=\"noreferrer noopener\">Catalunya<\/a><\/strong> previendo que pronto sea replicable a municipios de las comunidades aut\u00f3nomas de Valencia, Andaluc\u00eda y Extremadura.\u00a0<\/p>\n\n\n\n<p>A trav\u00e9s de las Comunidades Energ\u00e9ticas, las personas de cada municipio o barrio de gran ciudad podemos organizarnos para activar y compartir servicios energ\u00e9ticos, como instalar placas fotovoltaicas colectivamente, compartir veh\u00edculos el\u00e9ctricos o mejorar la eficiencia energ\u00e9tica de nuestros edificios, entre otros muchos.&nbsp;<\/p>\n\n\n\n<p>En Madrid ya existen 4 casos de \u00e9xito de Comunidades Energ\u00e9ticas en funcionamiento. Encontrar\u00e9is m\u00e1s informaci\u00f3n de todas ellas utilizando el bot\u00f3n \u00abFiltros\u00bb situado en la parte superior del mapa y seleccionado la categor\u00eda de Comunidades \u00ababiertas\u00bb.<\/p>\n\n\n\n<p>Sabemos que la suma de muchas personas puede generar una energ\u00eda imparable. \u00c9ste es el objetivo si queremos hacer posible una transici\u00f3n energ\u00e9tica libre de energ\u00edas f\u00f3siles, 100% renovable, democr\u00e1tica, descentralizada y local.<\/p>\n\n\n\n<figure class=\"wp-block-embed is-type-video is-provider-youtube wp-block-embed-youtube wp-embed-aspect-16-9 wp-has-aspect-ratio\"><div class=\"wp-block-embed__wrapper\">\n<iframe loading=\"lazy\" title=\"S\u00famate a Som Comunitats\" width=\"500\" height=\"281\" src=\"https:\/\/www.youtube.com\/embed\/Phq9aQETlLg?feature=oembed\" frameborder=\"0\" allow=\"accelerometer; autoplay; clipboard-write; encrypted-media; gyroscope; picture-in-picture; web-share\" referrerpolicy=\"strict-origin-when-cross-origin\" allowfullscreen><\/iframe>\n<\/div><\/figure>\n\n\n\n<p class=\"has-text-align-center\">&#8211; <a href=\"https:\/\/www.youtube.com\/watch?v=Phq9aQETlLg\" target=\"_blank\" rel=\"noopener\"><strong>ver v\u00eddeo<\/strong><\/a> &#8211;<\/p>\n\n\n\n<p>Las cooperativas que estamos intercooperando a nivel estatal para promover Comunidades Energ\u00e9ticas de la Econom\u00eda Social somos: <strong><a href=\"https:\/\/ecooo.es\/\" target=\"_blank\" rel=\"noopener\">Ecooo<\/a><\/strong>, <strong><a href=\"https:\/\/www.goiener.com\/es\/\" target=\"_blank\" rel=\"noopener\">Goiener<\/a><\/strong>, <strong><a href=\"https:\/\/www.somenergia.coop\/es\/\" target=\"_blank\" rel=\"noopener\">Som Energia<\/a><\/strong>, <strong><a href=\"https:\/\/sommobilitat.coop\/\" target=\"_blank\" rel=\"noopener\">Som Mobilitat<\/a><\/strong>, <strong><a href=\"https:\/\/www.tandemsocial.coop\/es\/\" target=\"_blank\" rel=\"noopener\">Tandem Social<\/a><\/strong>, <strong><a href=\"https:\/\/eplural.coop\/\" target=\"_blank\" rel=\"noopener\">ePlural<\/a><\/strong>, <strong><a href=\"https:\/\/www.energetica.coop\/\" target=\"_blank\" rel=\"noopener\">Energ\u00e9tica<\/a><\/strong>, <strong><a href=\"https:\/\/aeioluz.com\/\" target=\"_blank\" rel=\"noopener\">AeioLuz<\/a><\/strong>, <strong><a href=\"https:\/\/cooperase.org\/\" target=\"_blank\" rel=\"noopener\">Cooperase<\/a><\/strong> y <strong><a href=\"https:\/\/www.energiaenverde.com\/\" target=\"_blank\" rel=\"noopener\">Enverde<\/a><\/strong>.<\/p>\n\n\n\n<p>Som Comunitats es una cooperativa de segundo grado que gracias a la suma de conocimientos y experiencias est\u00e1 desarrollando <a href=\"https:\/\/somcomunitats.coop\/es\/plataforma\/\" target=\"_blank\" rel=\"noreferrer noopener\"><strong>herramientas innovadoras<\/strong><\/a> de c\u00f3digo libre para ayudar a la activaci\u00f3n, gesti\u00f3n y sostenibilidad de las Comunidades Energ\u00e9ticas.<\/p>\n\n\n\n<div style=\"height:3rem;width:0px\" aria-hidden=\"true\" class=\"wp-block-spacer is-style-show-tablet-desktop\"><\/div>\n\n\n\n<figure class=\"wp-block-image size-large is-resized\"><img loading=\"lazy\" decoding=\"async\" width=\"1024\" height=\"183\" src=\"https:\/\/somcomunitats.coop\/wp-content\/uploads\/2025\/08\/PERTE-promueve-y-financia-1024x183.png\" alt=\"\" class=\"wp-image-11288\" style=\"width:594px;height:auto\" srcset=\"https:\/\/somcomunitats.coop\/wp-content\/uploads\/2025\/08\/PERTE-promueve-y-financia-1024x183.png 1024w, https:\/\/somcomunitats.coop\/wp-content\/uploads\/2025\/08\/PERTE-promueve-y-financia-300x54.png 300w, https:\/\/somcomunitats.coop\/wp-content\/uploads\/2025\/08\/PERTE-promueve-y-financia-768x137.png 768w, https:\/\/somcomunitats.coop\/wp-content\/uploads\/2025\/08\/PERTE-promueve-y-financia.png 1334w\" sizes=\"auto, (max-width: 1024px) 100vw, 1024px\" \/><\/figure>\n","protected":false},"excerpt":{"rendered":"<p>Las personas y entidades que quieran ya pueden sumarse para impulsar la creaci\u00f3n de nuevas Comunidades Energ\u00e9ticas de la Econom\u00eda Social en 184 municipios y barrios de la Comunidad de Madrid para dar un salto adelante en la cada vez m\u00e1s necesaria transici\u00f3n energ\u00e9tica. Para ello, desde el proyecto Som Comunitats del cual Ecooo forma [&hellip;]<\/p>\n","protected":false},"author":2,"featured_media":11305,"template":"single-noticia","categories":[250],"tags":[289],"class_list":["post-11319","ce-news","type-ce-news","status-publish","has-post-thumbnail","hentry","category-archive-es","tag-sumate"],"_links":{"self":[{"href":"https:\/\/somcomunitats.coop\/es\/wp-json\/wp\/v2\/ce-news\/11319","targetHints":{"allow":["GET"]}}],"collection":[{"href":"https:\/\/somcomunitats.coop\/es\/wp-json\/wp\/v2\/ce-news"}],"about":[{"href":"https:\/\/somcomunitats.coop\/es\/wp-json\/wp\/v2\/types\/ce-news"}],"author":[{"embeddable":true,"href":"https:\/\/somcomunitats.coop\/es\/wp-json\/wp\/v2\/users\/2"}],"wp:featuredmedia":[{"embeddable":true,"href":"https:\/\/somcomunitats.coop\/es\/wp-json\/wp\/v2\/media\/11305"}],"wp:attachment":[{"href":"https:\/\/somcomunitats.coop\/es\/wp-json\/wp\/v2\/media?parent=11319"}],"wp:term":[{"taxonomy":"category","embeddable":true,"href":"https:\/\/somcomunitats.coop\/es\/wp-json\/wp\/v2\/categories?post=11319"},{"taxonomy":"post_tag","embeddable":true,"href":"https:\/\/somcomunitats.coop\/es\/wp-json\/wp\/v2\/tags?post=11319"}],"curies":[{"name":"wp","href":"https:\/\/api.w.org\/{rel}","templated":true}]}}