  {"id":4136,"date":"2022-05-17T11:36:00","date_gmt":"2022-05-17T11:36:00","guid":{"rendered":"https:\/\/somcomunitats.coop\/noticies\/presentamos-la-alianza\/"},"modified":"2026-03-17T11:21:37","modified_gmt":"2026-03-17T11:21:37","slug":"presentamos-la-alianza","status":"publish","type":"ce-news","link":"https:\/\/somcomunitats.coop\/es\/noticies\/presentamos-la-alianza\/","title":{"rendered":"Presentamos la Alianza"},"content":{"rendered":"\n<p class=\"has-medium-font-size\">Noticia inicial del proyecto con los diversos motivos y objetivos que nos han llevado a aliarnos para impulsar Comunidades Energ\u00e9ticas y avanzar en la transici\u00f3n energ\u00e9tica. Siete entidades de los sectores de la tecnolog\u00eda, la energ\u00eda y la gesti\u00f3n de la econom\u00eda social, <strong><a href=\"https:\/\/www.coopdevs.org\/\" target=\"_blank\" rel=\"noopener\">Coopdevs<\/a><\/strong>, <strong><a href=\"https:\/\/www.somenergia.coop\/\" target=\"_blank\" rel=\"noopener\">Som Energ\u00eda<\/a><\/strong> y <strong><a href=\"https:\/\/www.comunitatenergetica.coop\/\" target=\"_blank\" rel=\"noopener\">e-Plural<\/a><\/strong>, que agrupa <strong><a href=\"https:\/\/epi.coop\/ca\/\" target=\"_blank\" rel=\"noopener\">EPI<\/a><\/strong>, <strong><a href=\"https:\/\/www.smartdatasystem.es\/\" target=\"_blank\" rel=\"noopener\">Mycelium Networks<\/a><\/strong>, <strong><a href=\"https:\/\/sommobilitat.coop\" target=\"_blank\" rel=\"noopener\">Som Movilidad<\/a><\/strong>, <strong><a href=\"https:\/\/suno.cat\/\" target=\"_blank\" rel=\"noopener\">Suno<\/a><\/strong> y <strong><a href=\"https:\/\/tandemgo.coop\/?_locale=ca\" target=\"_blank\" rel=\"noopener\">Tandem Go<\/a><\/strong>, nos hemos unido para <strong>impulsar Comunidades Energ\u00e9ticas <\/strong>y seguir avanzando en la transici\u00f3n energ\u00e9tica transformadora.<\/p>\n\n\n\n<h3 class=\"wp-block-heading\">Entidades de la econom\u00eda social y solidaria nos aliamos para impulsar nuevos modelos de Comunidades Energ\u00e9ticas<\/h3>\n\n\n\n<p>Las Comunidades Energ\u00e9ticas impulsadas desde la econom\u00eda social son agrupaciones de personas particulares, entidades, ayuntamientos y\/o peque\u00f1as y medianas empresas organizadas principalmente en forma de cooperativas o asociaciones. Existen para transformar su territorio hacia <strong>un modelo de generaci\u00f3n, gesti\u00f3n y uso de energ\u00eda<\/strong> 100% renovable, inclusivo, democr\u00e1tico, descentralizado y en manos de los miembros que forman parte de \u00e9l, ya sean personas, empresas o entidades.<\/p>\n\n\n\n<p>Con esta alianza juntamos conocimiento y experiencia para analizar, evaluar y <strong>desarrollar diferentes modelos de Comunidades Energ\u00e9ticas<\/strong> e implementar diferentes pruebas piloto durante los pr\u00f3ximos meses. Estos modelos son diversos en funci\u00f3n de las caracter\u00edsticas del territorio y se dirigen a diferentes agentes: <strong>administraciones p\u00fablicas<\/strong> (conjuntamente con la ciudadan\u00eda), <strong>particulares<\/strong> (familias, comunidades de propietarios, comercios, etc.), <strong>asociaciones empresariales y sectoriales<\/strong> (pol\u00edgonos industriales, cooperativas y empresas agrarias) y tambi\u00e9n a <strong>entidades de la econom\u00eda social<\/strong>.<\/p>\n\n\n\n<div style=\"height:2em\" aria-hidden=\"true\" class=\"wp-block-spacer\"><\/div>\n\n\n\n<figure class=\"wp-block-image aligncenter size-large is-style-no-margin\"><img loading=\"lazy\" decoding=\"async\" width=\"705\" height=\"1024\" src=\"https:\/\/somcomunitats.coop\/wp-content\/uploads\/2023\/09\/proves-pilot-comunitats-energetiques-locals-catalunya-1409x2048-1-705x1024.jpg\" alt=\"\" class=\"wp-image-3409\" srcset=\"https:\/\/somcomunitats.coop\/wp-content\/uploads\/2023\/09\/proves-pilot-comunitats-energetiques-locals-catalunya-1409x2048-1-705x1024.jpg 705w, https:\/\/somcomunitats.coop\/wp-content\/uploads\/2023\/09\/proves-pilot-comunitats-energetiques-locals-catalunya-1409x2048-1-206x300.jpg 206w, https:\/\/somcomunitats.coop\/wp-content\/uploads\/2023\/09\/proves-pilot-comunitats-energetiques-locals-catalunya-1409x2048-1-768x1116.jpg 768w, https:\/\/somcomunitats.coop\/wp-content\/uploads\/2023\/09\/proves-pilot-comunitats-energetiques-locals-catalunya-1409x2048-1-1057x1536.jpg 1057w, https:\/\/somcomunitats.coop\/wp-content\/uploads\/2023\/09\/proves-pilot-comunitats-energetiques-locals-catalunya-1409x2048-1.jpg 1409w\" sizes=\"auto, (max-width: 705px) 100vw, 705px\" \/><\/figure>\n\n\n\n<div style=\"height:3em\" aria-hidden=\"true\" class=\"wp-block-spacer\"><\/div>\n\n\n\n<h3 class=\"wp-block-heading has-text-align-left has-text-align-center\"><\/h3>\n\n\n\n<p>Ahora mismo, como explicamos en la p\u00e1gina web inicial del proyecto <a href=\"https:\/\/www.somcomunitats.coop\"><strong>www.somcomunitats.coop<\/strong><\/a>, estamos trabajando en el an\u00e1lisis de estos modelos de Comunidades Energ\u00e9ticas y <strong>desarrollando las herramientas de gesti\u00f3n tecnol\u00f3gica y gobernanza<\/strong> que permitan replicar y acelerar la creaci\u00f3n de Comunidades Energ\u00e9ticas, su escalabilidad y una gesti\u00f3n \u00e1gil. <\/p>\n\n\n\n<p>Otro de los prop\u00f3sitos del proyecto, denominado \u00ab<strong>Impulso de las Comunidades Energ\u00e9ticas en Catalunya<\/strong>\u00ab, es empezar a caminar hacia la transici\u00f3n energ\u00e9tica con los valores de la econom\u00eda social, para que puedan emerger espacios colectivos donde se comparta la organizaci\u00f3n y la producci\u00f3n de la econom\u00eda. <strong>m\u00e1s recursos aparte de la energ\u00eda<\/strong> (como la alimentaci\u00f3n, la vivienda y los cuidados), generando impactos positivos a escala local en todo el territorio.<\/p>\n\n\n\n<p>Este proyecto recibe el apoyo del <strong><a href=\"https:\/\/economiasocial.coop\/\" target=\"_blank\" rel=\"noopener\">Programa de Econom\u00eda Social y Solidaria<\/a><\/strong>, el Tercer Sector y las cooperativas del Departamento de Empresa y Trabajo de la Generalidad de Catalu\u00f1a, dentro del marco de Proyectos Singulares 2021-2022.<\/p>\n","protected":false},"excerpt":{"rendered":"<p>Noticia inicial del proyecto con los diversos motivos y objetivos que nos han llevado a aliarnos para impulsar Comunidades Energ\u00e9ticas y avanzar en la transici\u00f3n energ\u00e9tica.<\/p>\n","protected":false},"author":5,"featured_media":3953,"template":"single-noticia","categories":[250],"tags":[110,107],"class_list":["post-4136","ce-news","type-ce-news","status-publish","has-post-thumbnail","hentry","category-archive-es","tag-ciudadania","tag-destacamos"],"_links":{"self":[{"href":"https:\/\/somcomunitats.coop\/es\/wp-json\/wp\/v2\/ce-news\/4136","targetHints":{"allow":["GET"]}}],"collection":[{"href":"https:\/\/somcomunitats.coop\/es\/wp-json\/wp\/v2\/ce-news"}],"about":[{"href":"https:\/\/somcomunitats.coop\/es\/wp-json\/wp\/v2\/types\/ce-news"}],"author":[{"embeddable":true,"href":"https:\/\/somcomunitats.coop\/es\/wp-json\/wp\/v2\/users\/5"}],"wp:featuredmedia":[{"embeddable":true,"href":"https:\/\/somcomunitats.coop\/es\/wp-json\/wp\/v2\/media\/3953"}],"wp:attachment":[{"href":"https:\/\/somcomunitats.coop\/es\/wp-json\/wp\/v2\/media?parent=4136"}],"wp:term":[{"taxonomy":"category","embeddable":true,"href":"https:\/\/somcomunitats.coop\/es\/wp-json\/wp\/v2\/categories?post=4136"},{"taxonomy":"post_tag","embeddable":true,"href":"https:\/\/somcomunitats.coop\/es\/wp-json\/wp\/v2\/tags?post=4136"}],"curies":[{"name":"wp","href":"https:\/\/api.w.org\/{rel}","templated":true}]}}