  {"id":6019,"date":"2024-02-27T18:30:35","date_gmt":"2024-02-27T18:30:35","guid":{"rendered":"https:\/\/somcomunitats.coop\/noticies\/webinar-de-presentacion-de-la-plataforma-somos-comunidades\/"},"modified":"2026-03-17T11:21:36","modified_gmt":"2026-03-17T11:21:36","slug":"webinar-de-presentacion-de-la-plataforma-somos-comunidades","status":"publish","type":"ce-news","link":"https:\/\/somcomunitats.coop\/es\/noticies\/webinar-de-presentacion-de-la-plataforma-somos-comunidades\/","title":{"rendered":"Webinar de presentaci\u00f3n de la plataforma Som Comunitats"},"content":{"rendered":"\n<p>Los pr\u00f3ximos 19 y 21 de marzo organizamos un webinar donde presentaremos la Plataforma de Som Comunitats y todo lo que le ofrece para el impulso, apoyo y gesti\u00f3n integral de vuestra Comunidad Energ\u00e9tica de la Econom\u00eda Social. La sesi\u00f3n va dirigida a todas aquellas personas y colectivos que est\u00e9is impulsando una Comunidad Energ\u00e9tica, sea cual sea su etapa actual. <\/p>\n\n\n\n<p>La sesi\u00f3n es gratuita, tendr\u00e1 lugar a trav\u00e9s de Zoom y para participar es necesaria inscripci\u00f3n previa a una de las dos convocatorias disponibles seg\u00fan el idioma que escoja:  <\/p>\n\n\n\n<p>\u00b7 Jueves <strong>21 de marzo<\/strong> a las 18h, <strong>en castellano<\/strong>: <\/p>\n\n\n\n<figure class=\"wp-block-embed is-type-video is-provider-youtube wp-block-embed-youtube wp-embed-aspect-16-9 wp-has-aspect-ratio\"><div class=\"wp-block-embed__wrapper\">\n<iframe loading=\"lazy\" title=\"[COMUNIDAD I ENERG\u00cdA - GESTI\u00d3N I MONITORIZACI\u00d3N] Presentacio\u0301n Plataforma Som Comunitats\" width=\"500\" height=\"281\" src=\"https:\/\/www.youtube.com\/embed\/JrJaPnpFD5c?start=4&#038;feature=oembed\" frameborder=\"0\" allow=\"accelerometer; autoplay; clipboard-write; encrypted-media; gyroscope; picture-in-picture; web-share\" referrerpolicy=\"strict-origin-when-cross-origin\" allowfullscreen><\/iframe>\n<\/div><\/figure>\n\n\n\n<p><\/p>\n\n\n\n<p>\u00b7 Martes <strong>19 de marzo<\/strong> a las 18 h, <strong>en catal\u00e1n<\/strong>:<\/p>\n\n\n\n<figure class=\"wp-block-embed is-type-video is-provider-youtube wp-block-embed-youtube wp-embed-aspect-16-9 wp-has-aspect-ratio\"><div class=\"wp-block-embed__wrapper\">\n<iframe loading=\"lazy\" title=\"[COMUNITAT I ENERGIA - GESTI\u00d3 I MONITORATGE] Presentacio\u0301 de la Plataforma Som Comunitats\" width=\"500\" height=\"281\" src=\"https:\/\/www.youtube.com\/embed\/eySBeaMe6e0?feature=oembed\" frameborder=\"0\" allow=\"accelerometer; autoplay; clipboard-write; encrypted-media; gyroscope; picture-in-picture; web-share\" referrerpolicy=\"strict-origin-when-cross-origin\" allowfullscreen><\/iframe>\n<\/div><\/figure>\n\n\n\n<p><\/p>\n\n\n\n<p>Entre los objetivos del webinar, que tendr\u00e1 una duraci\u00f3n de una hora y media, se encuentran explicar los servicios que se presentan desde Som Comunitats, as\u00ed como las diferentes maneras de a\u00f1adirse, resolviendo dudas y poniendo en valor los ventajas de participar y formar parte de la plataforma. Tambi\u00e9n se tocar\u00e1n aspectos relacionados con la gesti\u00f3n societaria, contable o de autoproducci\u00f3n colectiva de las Comunidades Energ\u00e9ticas.<\/p>\n\n\n\n<p><a href=\"\/?page_id=4051\">La Plataforma<\/a> de Som Comunitats est\u00e1 orientada a coordinar servicios y cubrir las necesidades de las Comunidades Energ\u00e9ticas en todo su ciclo de vida. Est\u00e1 formada por diferentes herramientas interconectadas entre s\u00ed: una<strong>  web y mapa<\/strong> para potenciar la visibilidad de vuestra Comunidad; una <strong>\u00e1rea de gesti\u00f3n integral<\/strong>  para facilitar el trabajo a las personas administradoras; una Aplicaci\u00f3n M\u00f3vil o  <strong>App<\/strong> para facilitar el acceso y visualizaci\u00f3n de los servicios energ\u00e9ticos a las personas socias y un <strong>Foro<\/strong> de conocimiento abierto donde hacer red y resolver las dudas de forma conjunta. <\/p>\n\n\n\n<p>Som Comunitats la impulsamos desde 8 cooperativas del sector de la energ\u00eda, la movilidad, la tecnolog\u00eda, el dise\u00f1o y la consultor\u00eda estrat\u00e9gica de empresas de la econom\u00eda social. Estamos convencidas de que la transici\u00f3n energ\u00e9tica no es s\u00f3lo la descarbonizaci\u00f3n del sistema actual, sino que tambi\u00e9n debemos descentralizar el sistema de generaci\u00f3n energ\u00e9tica, democratizar el acceso y el consumo energ\u00e9tico, apostar por una propiedad colectiva y no dejar fuera a nadie. Uno de los prop\u00f3sitos es tambi\u00e9n que las Comunidades Energ\u00e9ticas puedan compartir la organizaci\u00f3n y producci\u00f3n de m\u00e1s recursos aparte de la energ\u00eda (como la alimentaci\u00f3n, la vivienda y los cuidados), generando impactos positivos a escala local en todo el territorio.<\/p>\n\n\n\n<p>Cartel del acto: <\/p>\n\n\n\n<figure class=\"wp-block-image aligncenter size-full\"><img loading=\"lazy\" decoding=\"async\" width=\"800\" height=\"800\" src=\"https:\/\/somcomunitats.coop\/wp-content\/uploads\/2024\/03\/Cartell-webinar_CAST.jpg\" alt=\"\" class=\"wp-image-6024\" srcset=\"https:\/\/somcomunitats.coop\/wp-content\/uploads\/2024\/03\/Cartell-webinar_CAST.jpg 800w, https:\/\/somcomunitats.coop\/wp-content\/uploads\/2024\/03\/Cartell-webinar_CAST-300x300.jpg 300w, https:\/\/somcomunitats.coop\/wp-content\/uploads\/2024\/03\/Cartell-webinar_CAST-150x150.jpg 150w, https:\/\/somcomunitats.coop\/wp-content\/uploads\/2024\/03\/Cartell-webinar_CAST-768x768.jpg 768w\" sizes=\"auto, (max-width: 800px) 100vw, 800px\" \/><\/figure>\n","protected":false},"excerpt":{"rendered":"<p>Organizamos un webinar para conocer los servicios que ofrece la Plataforma en las Comunidades Energ\u00e9ticas de la Econom\u00eda Social<\/p>\n","protected":false},"author":2,"featured_media":6217,"template":"single-noticia","categories":[250],"tags":[107],"class_list":["post-6019","ce-news","type-ce-news","status-publish","has-post-thumbnail","hentry","category-archive-es","tag-destacamos"],"_links":{"self":[{"href":"https:\/\/somcomunitats.coop\/es\/wp-json\/wp\/v2\/ce-news\/6019","targetHints":{"allow":["GET"]}}],"collection":[{"href":"https:\/\/somcomunitats.coop\/es\/wp-json\/wp\/v2\/ce-news"}],"about":[{"href":"https:\/\/somcomunitats.coop\/es\/wp-json\/wp\/v2\/types\/ce-news"}],"author":[{"embeddable":true,"href":"https:\/\/somcomunitats.coop\/es\/wp-json\/wp\/v2\/users\/2"}],"wp:featuredmedia":[{"embeddable":true,"href":"https:\/\/somcomunitats.coop\/es\/wp-json\/wp\/v2\/media\/6217"}],"wp:attachment":[{"href":"https:\/\/somcomunitats.coop\/es\/wp-json\/wp\/v2\/media?parent=6019"}],"wp:term":[{"taxonomy":"category","embeddable":true,"href":"https:\/\/somcomunitats.coop\/es\/wp-json\/wp\/v2\/categories?post=6019"},{"taxonomy":"post_tag","embeddable":true,"href":"https:\/\/somcomunitats.coop\/es\/wp-json\/wp\/v2\/tags?post=6019"}],"curies":[{"name":"wp","href":"https:\/\/api.w.org\/{rel}","templated":true}]}}