  {"id":6074,"date":"2024-03-13T14:10:26","date_gmt":"2024-03-13T14:10:26","guid":{"rendered":"https:\/\/somcomunitats.coop\/noticies\/grupo-de-lectura-sobre-energia-en-decrecimiento\/"},"modified":"2026-03-17T11:21:36","modified_gmt":"2026-03-17T11:21:36","slug":"grupo-de-lectura-sobre-energia-en-decrecimiento","status":"publish","type":"ce-news","link":"https:\/\/somcomunitats.coop\/es\/noticies\/grupo-de-lectura-sobre-energia-en-decrecimiento\/","title":{"rendered":"Grupo de lectura sobre Energ\u00eda en Decrecimiento"},"content":{"rendered":"\n<p><\/p>\n\n\n\n<p>Desde Somos Comunidades y el Observatorio de la Deuda en la Globalizaci\u00f3n lanzamos el grupo de lectura \u201cEnerg\u00eda en Decrecimiento\u201d <em>,<\/em> un espacio de reflexi\u00f3n colectiva en el que haremos una mirada amplia al mundo de la energ\u00eda desde la perspectiva del decrecimiento . Los visibles impactos -sociales, ambientales y de g\u00e9nero- negativos del modelo econ\u00f3mico hacen pensar que es necesario explorar y poner en marcha alternativas que superen el crecimiento econ\u00f3mico como objetivo final de la econom\u00eda y es por eso que consideramos necesario contar con espacios para reflexionar sobre este tema.<\/p>\n\n\n\n<p>El grupo de lectura \u201cEnerg\u00eda en Decrecimiento\u201d es una propuesta que surge de la colaboraci\u00f3n entre Somos Comunidades y el <a href=\"https:\/\/odg.cat\/\" data-type=\"link\" data-id=\"https:\/\/odg.cat\/\" target=\"_blank\" rel=\"noopener\">Observatori del Deute en la Globalitzaci\u00f3<\/a> para acercar el Decrecimiento a las Comunidades Energ\u00e9ticas. Va dirigido a cualquier persona participante de una Comunidad Energ\u00e9tica que tenga ganas y algo de tiempo para leer, ver alg\u00fan v\u00eddeo y participar en las sesiones virtuales para compartir reflexiones. No se necesita ning\u00fan tipo de conocimiento previo, con algo de motivaci\u00f3n, es suficiente.<\/p>\n\n\n\n<p>La propuesta incluye cuatro sesiones virtuales quincenales con materiales previos introductorios (art\u00edculos, fragmentos de libros, documentos audiovisuales) que deber\u00edan servir de est\u00edmulo para tener una conversaci\u00f3n entre las participantes del grupo de lectura.  <\/p>\n\n\n\n<p>Las sesiones ser\u00e1n las siguientes:<\/p>\n\n\n\n<ol class=\"wp-block-list\">\n<li>Mi\u00e9rcoles 10 de abril: <strong>Introducci\u00f3n al decrecimiento<\/strong> . \u00bfPor qu\u00e9 ahora? \u00bfQu\u00e9 significa Energ\u00eda en Decrecimiento?<em> <\/em>Con <strong>J\u00falia Mart\u00ed<\/strong><\/li>\n\n\n\n<li>Martes 30 de abril: <strong>Decrecimiento, energ\u00eda y l\u00edmites.<\/strong> \u00bfCu\u00e1les son los umbrales que no podemos sobrepasar? Con <strong>Luis Gonz\u00e1lez<\/strong> <\/li>\n\n\n\n<li>Mi\u00e9rcoles 8 de mayo: <strong>Decrecimiento, energ\u00eda y necesidades.<\/strong> \u00bfCu\u00e1l es la energ\u00eda necesaria para una buena vida? Con <strong>Yayo Herrero<\/strong><\/li>\n\n\n\n<li>Martes 21 de mayo: <strong>Decrecimiento, energ\u00eda y comunidad.<\/strong> \u00bfQu\u00e9 significa hacer esto en nuestros d\u00edas? Con <strong>Alfons P\u00e9rez<\/strong><\/li>\n<\/ol>\n\n\n\n<p><\/p>\n\n\n\n<p><strong>Inscripci\u00f3n<\/strong> <strong>en <a href=\"https:\/\/framaforms.org\/grup-de-lectura-energia-en-decreixement-grupo-de-lectura-energia-en-decrecimiento-1710159063\" target=\"_blank\" rel=\"noopener\">este enlace<\/a><\/strong> hasta el 26 de marzo.  <\/p>\n\n\n\n<p>Las sesiones ser\u00e1n en formato virtual de m\u00e1ximo una hora y media. Las personas inscritas recibir\u00e1n los materiales por la primera sesi\u00f3n un par de semanas antes, con tiempo para revisarlos. La dinamizaci\u00f3n de las sesiones ser\u00e1 en castellano pero se establecer\u00e1n mecanismos para que las participantes puedan expresarse en el idioma que prefieran, catal\u00e1n o castellano.<\/p>\n\n\n\n<figure class=\"wp-block-image aligncenter size-large\"><img loading=\"lazy\" decoding=\"async\" width=\"742\" height=\"1024\" src=\"https:\/\/somcomunitats.coop\/wp-content\/uploads\/2024\/03\/Cartel-grupo-lectura-es_OK-742x1024.jpg\" alt=\"\" class=\"wp-image-6078\" srcset=\"https:\/\/somcomunitats.coop\/wp-content\/uploads\/2024\/03\/Cartel-grupo-lectura-es_OK-742x1024.jpg 742w, https:\/\/somcomunitats.coop\/wp-content\/uploads\/2024\/03\/Cartel-grupo-lectura-es_OK-217x300.jpg 217w, https:\/\/somcomunitats.coop\/wp-content\/uploads\/2024\/03\/Cartel-grupo-lectura-es_OK-768x1060.jpg 768w, https:\/\/somcomunitats.coop\/wp-content\/uploads\/2024\/03\/Cartel-grupo-lectura-es_OK.jpg 794w\" sizes=\"auto, (max-width: 742px) 100vw, 742px\" \/><\/figure>\n","protected":false},"excerpt":{"rendered":"<p>Desde Som Comunitats y el Observatori del Deute en la Globalitzaci\u00f3 lanzamos el grupo de lectura \u201cEnerg\u00eda en Decrecimiento\u201d, un espacio de reflexi\u00f3n colectiva con una mirada amplia al mundo de la energ\u00eda desde la perspectiva del decrecimiento<\/p>\n","protected":false},"author":2,"featured_media":6073,"template":"single-noticia","categories":[250],"tags":[],"class_list":["post-6074","ce-news","type-ce-news","status-publish","has-post-thumbnail","hentry","category-archive-es"],"_links":{"self":[{"href":"https:\/\/somcomunitats.coop\/es\/wp-json\/wp\/v2\/ce-news\/6074","targetHints":{"allow":["GET"]}}],"collection":[{"href":"https:\/\/somcomunitats.coop\/es\/wp-json\/wp\/v2\/ce-news"}],"about":[{"href":"https:\/\/somcomunitats.coop\/es\/wp-json\/wp\/v2\/types\/ce-news"}],"author":[{"embeddable":true,"href":"https:\/\/somcomunitats.coop\/es\/wp-json\/wp\/v2\/users\/2"}],"wp:featuredmedia":[{"embeddable":true,"href":"https:\/\/somcomunitats.coop\/es\/wp-json\/wp\/v2\/media\/6073"}],"wp:attachment":[{"href":"https:\/\/somcomunitats.coop\/es\/wp-json\/wp\/v2\/media?parent=6074"}],"wp:term":[{"taxonomy":"category","embeddable":true,"href":"https:\/\/somcomunitats.coop\/es\/wp-json\/wp\/v2\/categories?post=6074"},{"taxonomy":"post_tag","embeddable":true,"href":"https:\/\/somcomunitats.coop\/es\/wp-json\/wp\/v2\/tags?post=6074"}],"curies":[{"name":"wp","href":"https:\/\/api.w.org\/{rel}","templated":true}]}}