  {"id":6087,"date":"2024-03-13T16:03:00","date_gmt":"2024-03-13T16:03:00","guid":{"rendered":"https:\/\/somcomunitats.coop\/noticies\/1r-boletin-de-som-comunitats\/"},"modified":"2026-03-17T11:21:36","modified_gmt":"2026-03-17T11:21:36","slug":"1r-boletin-de-som-comunitats","status":"publish","type":"ce-news","link":"https:\/\/somcomunitats.coop\/es\/noticies\/1r-boletin-de-som-comunitats\/","title":{"rendered":"Bolet\u00edn de Som Comunitats #1"},"content":{"rendered":"\n<p><\/p>\n\n\n\n<p>Hace apenas cinco meses del inicio de la campa\u00f1a Suma&#8217;t que tiene por objetivo ayudar a crear m\u00e1s de un millar de Comunidades Energ\u00e9ticas de la Econom\u00eda Social e impulsar as\u00ed la transici\u00f3n energ\u00e9tica en cada uno de los 947 municipios, barrios de grandes ciudades y pol\u00edgonos industriales de Catalu\u00f1a. Ahora mismo, los datos de balance no pueden ser m\u00e1s que optimistas: hay 1.811 personas inscritas activando 466 Comunidades Energ\u00e9ticas, y 54 Comunidades abiertas y en funcionamiento, con un total de 1.701 personas y entidades que ya se han hecho socias. Puedes encontrar y sumarte a la de tu municipio o barrio en la web <a href=\"https:\/\/somcomunitats.coop\">somcomunitats.coop<\/a> . Estamos trabajando tambi\u00e9n en replicar la iniciativa en Euskadi de la mano de Goiener, en Madrid con Ecooo, en Valencia con AeioLuz y en Valladolid con Energ\u00e9tica. <\/p>\n\n\n\n<p><a href=\"https:\/\/somcomunitats.coop\/es\/noticies\/webinar-de-presentacion-de-la-plataforma-somos-comunidades\/\">La Plataforma<\/a> de Som Comunitats, orientada a cubrir las necesidades de las Comunidades Energ\u00e9ticas en todo su ciclo de vida, est\u00e1 en pleno crecimiento. Est\u00e1 formada por diferentes herramientas interconectadas entre s\u00ed: una <strong>web y mapa<\/strong> para potenciar la visibilidad de vuestra Comunidad; una <strong>\u00e1rea de gesti\u00f3n<\/strong>  para facilitar el trabajo del d\u00eda a d\u00eda a las personas administradoras; una Aplicaci\u00f3n M\u00f3vil o  <strong>App<\/strong> para facilitar el acceso y visualizaci\u00f3n de los servicios energ\u00e9ticos a las personas socias y un <strong>Foro<\/strong> de conocimiento abierto donde hacer red y resolver las dudas de forma conjunta.<br><\/p>\n\n\n\n<figure class=\"wp-block-image\"><img decoding=\"async\" src=\"https:\/\/lh7-us.googleusercontent.com\/Wk0aoFbo_WSMXxbqajOZdx2CiMM2IWTPzxn1p6HG7DFFCgmxDX7JCXPm7_4f372VG42qii295hOwNFvzCw6A4eeqcfYAxhqffErve_SSQpmy2GrteDipROU8w5u2sN6YLW6vSGqhIhUP6eIWtILr3Js\" alt=\"\"\/><\/figure>\n\n\n\n<p><\/p>\n\n\n\n<h2 class=\"wp-block-heading\"><strong>Webinar de presentaci\u00f3n de la plataforma Som Comunitats<\/strong><\/h2>\n\n\n\n<p>Por eso, los pr\u00f3ximos 19 y 21 de marzo organizamos un webinar gratuito online donde presentaremos la Plataforma de Som Comunitats y todo lo que ofrece para el impulso, apoyo y gesti\u00f3n integral de vuestra Comunidad Energ\u00e9tica de la Econom\u00eda Social. La sesi\u00f3n va dirigida a todas aquellas personas y colectivos que est\u00e9is impulsando una Comunidad Energ\u00e9tica, sea cual sea su etapa actual. <\/p>\n\n\n\n<p><br>La sesi\u00f3n tendr\u00e1 lugar a trav\u00e9s de Zoom y para participar es necesaria inscripci\u00f3n previa a una de las dos convocatorias disponibles seg\u00fan el idioma que escoja:  <\/p>\n\n\n\n<p>\u00b7 Martes 19 de marzo a las 18 h, en catal\u00e1n: <a href=\"https:\/\/forms.gle\/XetKCcJjaSnavo7d6\" target=\"_blank\" rel=\"noopener\">Accede al formulario de inscripci\u00f3n<\/a> <\/p>\n\n\n\n<p>\u00b7 Jueves 21 de marzo a las 18h, en castellano: <a href=\"https:\/\/forms.gle\/H2xCXxnsWuJGKGRC7\" target=\"_blank\" rel=\"noopener\">Accede al formulario de inscripci\u00f3n<\/a><\/p>\n\n\n\n<p><br>Entre los objetivos del <a href=\"https:\/\/somcomunitats.coop\/es\/noticies\/webinar-de-presentacion-de-la-plataforma-somos-comunidades\/\">webinar<\/a>, que tendr\u00e1 una hora y media de duraci\u00f3n, se encuentran explicar los servicios que se prestan desde Som Comunitats, as\u00ed como las diferentes maneras de a\u00f1adirse, resolviendo dudas y poniendo en valor las ventajas de participar y formar parte.<\/p>\n\n\n\n<hr class=\"wp-block-separator has-alpha-channel-opacity\"\/>\n\n\n\n<figure class=\"wp-block-image size-full\"><img loading=\"lazy\" decoding=\"async\" width=\"1000\" height=\"563\" src=\"https:\/\/somcomunitats.coop\/wp-content\/uploads\/2024\/03\/som-comunitats-manresa.jpg\" alt=\"\" class=\"wp-image-6085\" srcset=\"https:\/\/somcomunitats.coop\/wp-content\/uploads\/2024\/03\/som-comunitats-manresa.jpg 1000w, https:\/\/somcomunitats.coop\/wp-content\/uploads\/2024\/03\/som-comunitats-manresa-300x169.jpg 300w, https:\/\/somcomunitats.coop\/wp-content\/uploads\/2024\/03\/som-comunitats-manresa-768x432.jpg 768w\" sizes=\"auto, (max-width: 1000px) 100vw, 1000px\" \/><\/figure>\n\n\n\n<p><\/p>\n\n\n\n<h2 class=\"wp-block-heading\"><strong>13 de abril: gu\u00e1rdate la fecha para el 3er Encuentro de Comunidades Energ\u00e9ticas<\/strong><\/h2>\n\n\n\n<p>Ya tenemos fecha para el 3er Encuentro de Comunidades Energ\u00e9ticas de la Econom\u00eda Social y Solidaria de Catalunya. Ser\u00e1 el 13 de abril, de 10h a 18h, en El Prat de Llobregat. Ya puedes guardarte la fecha. Para continuar compartiendo, conoci\u00e9ndonos y reconoci\u00e9ndonos, y seguir construyendo colectivamente la alternativa energ\u00e9tica ciudadana. <\/p>\n\n\n\n<p>En <a href=\"https:\/\/docs.google.com\/forms\/d\/e\/1FAIpQLSfD1nBxPAqA4AJYTpHJ-A-50AIAsMv7ncnh7ZtMUiXXd9dFbA\/viewform\" target=\"_blank\" rel=\"noopener\">este enlace<\/a> os pod\u00e9is inscribir para el encuentro, y en <a href=\"https:\/\/docs.google.com\/forms\/d\/e\/1FAIpQLSdA36a8dlbiDFATG79tzycKG5Q0-g9EqdTtlfH70Xi4-ItSkA\/viewform\" target=\"_blank\" rel=\"noopener\">este otro enlace<\/a> pod\u00e9is responder a un breve cuestionario para conocer vuestras necesidades sobre tem\u00e1ticas y formaciones.<\/p>\n\n\n\n<p>La foto que ilustra este texto es del 2\u00ba Encuentro de Comunidades Energ\u00e9ticas que tuvo lugar el 16 de septiembre en Manresa. Ese d\u00eda fuimos una cincuentena de personas de 27 Comunidades Energ\u00e9ticas. El 13 de abril esperamos ser ya muchas m\u00e1s. Puedes leer la cr\u00f3nica y la relatoria y ver varios v\u00eddeos del encuentro de Manresa en <a href=\"https:\/\/somcomunitats.coop\/es\/noticies\/las-comunidades-energeticas-de-cataluna-se-encuentran-en-manresa-para-seguir-impulsando-la-transicion-energetica\/\">este enlace<\/a>.<\/p>\n\n\n\n<hr class=\"wp-block-separator has-alpha-channel-opacity\"\/>\n\n\n\n<figure class=\"wp-block-image\"><img decoding=\"async\" src=\"https:\/\/lh7-us.googleusercontent.com\/IfU9m2zITggdgxwIERbJGPP18J4yx8t7Eq0N3_wj6Ac-pPhsEJvf4YvNQhZAHNNJfNzjUEN9HC6wVPa6ZLRhhE9FiLvqL9d_0N_-rAeqNCIjG9LgcmNp_yRiGBRnL_rMsvPac4B9DKkcniiSQvQawKA\" alt=\"\"\/><\/figure>\n\n\n\n<p><\/p>\n\n\n\n<h2 class=\"wp-block-heading\"><strong>Club de lectura sobre Energ\u00eda en Decrecimiento<\/strong><\/h2>\n\n\n\n<p>Desde Som Comunitats y el Observatori del Deute en la Globalitzaci\u00f3 lanzamos el grupo de lectura Energ\u00eda en Decrecimiento, un espacio de reflexi\u00f3n colectiva en el que daremos una mirada amplia al mundo de la energ\u00eda desde la perspectiva del decrecimiento. Va dirigido a cualquier persona participante de una Comunidad Energ\u00e9tica, las sesiones ser\u00e1n en formato virtual y tendr\u00e1n un ponente en cada una de ellas: J\u00falia Mart\u00ed (10 de abril), Luis Gonz\u00e1lez (30 de abril), Yayo Herrero (8 de mayo) y Alfons P\u00e9rez (21 de mayo).<\/p>\n\n\n\n<p>La inscripci\u00f3n puede realizarse hasta el 26 de marzo en <a href=\"https:\/\/framaforms.org\/grup-de-lectura-energia-en-decreixement-grupo-de-lectura-energia-en-decrecimiento-1710159063\" target=\"_blank\" rel=\"noopener\">este enlace<\/a>. <\/p>\n\n\n\n<p>M\u00e1s informaci\u00f3n en <a href=\"https:\/\/somcomunitats.coop\/es\/noticies\/grupo-de-lectura-sobre-energia-en-decrecimiento\/\">esta noticia<\/a> . <\/p>\n\n\n\n<hr class=\"wp-block-separator has-alpha-channel-opacity\"\/>\n\n\n\n<figure class=\"wp-block-image\"><img decoding=\"async\" src=\"https:\/\/lh7-us.googleusercontent.com\/Cw-0sCu4Di_Twd7DO_zpoL5WTaDeFRdiBQ2JfCcNH5JxQdSlHnYqe4Z6y17pBKoXTtLhpd8p6eOqjDEWcUKYZzpO7QuYthbrdOueeSDFcCCX3Mgvj1jM21VHdlpT0iR2mXsHC_rXg_3VoFI4T0drrmY\" alt=\"\"\/><\/figure>\n\n\n\n<p><\/p>\n\n\n\n<h2 class=\"wp-block-heading\"><strong>Gu\u00eda de puntos de recarga para Comunidades Energ\u00e9ticas<\/strong><\/h2>\n\n\n\n<p>Ya est\u00e1 publicada en el apartado de Recursos de la web de Som Comunitats la s\u00e9ptima gu\u00eda, la de \u00abPuntos de Recarga para Comunidades Energ\u00e9ticas\u00bb. Un punto de recarga es un punto de alimentaci\u00f3n el\u00e9ctrica que permite la recarga parcial o total de la bater\u00eda de un veh\u00edculo mientras est\u00e1 estacionado. La gu\u00eda explica qu\u00e9 son estos puntos de recarga, su funcionamiento, e incluso ense\u00f1a a instalar uno.<\/p>\n\n\n\n<p>Puedes consultar las siete gu\u00edas sobre Comunidades Energ\u00e9ticas que se han publicado hasta el momento en <a href=\"https:\/\/somcomunitats.coop\/es\/recursos\/\">este enlace<\/a> .<\/p>\n\n\n\n<hr class=\"wp-block-separator has-alpha-channel-opacity\"\/>\n\n\n\n<figure class=\"wp-block-image\"><img decoding=\"async\" src=\"https:\/\/lh7-us.googleusercontent.com\/hpdH8z5fSAV8iMRBu5czPwJs3h8tK-iaYKsynWSFrRbm_PXBa9zTE4x3R1NwAszGYrKEpPi9xuHuqGlLecxoQloOYzGgZyiZibGXg9eCgkRERjVlxtn2YsY2PLdyDC8Sn3RhFcVGffNRBizbK0wkSvc\" alt=\"\"\/><\/figure>\n\n\n\n<p><\/p>\n\n\n\n<h2 class=\"wp-block-heading\"><strong>Tercer a\u00f1o de proyecto, con proyectos de innovaci\u00f3n y mejora en marcha<\/strong><\/h2>\n\n\n\n<p>Som Comunitats ha vuelto a ser escogido por tercer a\u00f1o consecutivo como uno de los Proyectos Singulares estrat\u00e9gicos de pa\u00eds del Departament d&#8217;Empresa y Treball de la Generalitat. En este tercer a\u00f1o, un reto importante es seguir ampliando el n\u00famero de Comunidades Energ\u00e9ticas que comparten camino con Som Comunitats, as\u00ed como las coordinadoras, prescriptoras y proveedoras de servicios que colaboran. <\/p>\n\n\n\n<p>La fotograf\u00eda es de la \u00faltima plenaria del equipo de cooperativas que trabajamos en el proyecto de Som Comunitats, el pasado 1 de febrero en Matar\u00f3.<\/p>\n","protected":false},"excerpt":{"rendered":"<p>Con la llegada de la primavera, compartimos las novedades m\u00e1s destacadas en Som Comunitats.<\/p>\n","protected":false},"author":2,"featured_media":6084,"template":"single-noticia","categories":[250],"tags":[199,108,200],"class_list":["post-6087","ce-news","type-ce-news","status-publish","has-post-thumbnail","hentry","category-archive-es","tag-boletin","tag-plataforma-es","tag-som-comunitats-2"],"_links":{"self":[{"href":"https:\/\/somcomunitats.coop\/es\/wp-json\/wp\/v2\/ce-news\/6087","targetHints":{"allow":["GET"]}}],"collection":[{"href":"https:\/\/somcomunitats.coop\/es\/wp-json\/wp\/v2\/ce-news"}],"about":[{"href":"https:\/\/somcomunitats.coop\/es\/wp-json\/wp\/v2\/types\/ce-news"}],"author":[{"embeddable":true,"href":"https:\/\/somcomunitats.coop\/es\/wp-json\/wp\/v2\/users\/2"}],"wp:featuredmedia":[{"embeddable":true,"href":"https:\/\/somcomunitats.coop\/es\/wp-json\/wp\/v2\/media\/6084"}],"wp:attachment":[{"href":"https:\/\/somcomunitats.coop\/es\/wp-json\/wp\/v2\/media?parent=6087"}],"wp:term":[{"taxonomy":"category","embeddable":true,"href":"https:\/\/somcomunitats.coop\/es\/wp-json\/wp\/v2\/categories?post=6087"},{"taxonomy":"post_tag","embeddable":true,"href":"https:\/\/somcomunitats.coop\/es\/wp-json\/wp\/v2\/tags?post=6087"}],"curies":[{"name":"wp","href":"https:\/\/api.w.org\/{rel}","templated":true}]}}