  {"id":10964,"date":"2023-10-02T10:19:45","date_gmt":"2023-10-02T10:19:45","guid":{"rendered":"https:\/\/somcomunitats.coop\/?post_type=ce-news&#038;p=10964"},"modified":"2026-03-17T11:21:54","modified_gmt":"2026-03-17T11:21:54","slug":"nos-ponemos-en-marcha-para-activar-mas-de-1-000-comunidades-energeticas-en-catalunya","status":"publish","type":"ce-news","link":"https:\/\/somcomunitats.coop\/eu\/noticies\/nos-ponemos-en-marcha-para-activar-mas-de-1-000-comunidades-energeticas-en-catalunya\/","title":{"rendered":"Nos ponemos en marcha para activar m\u00e1s de 1.000 Comunidades Energ\u00e9ticas en Catalunya"},"content":{"rendered":"\n<p><\/p>\n\n\n\n<p>Como seguramente has podido ver, ya tenemos a punto el nuevo <a href=\"https:\/\/somcomunitats.coop\/es\/\" data-type=\"link\" data-id=\"https:\/\/somcomunitats.coop\/es\/\"><strong>portal web<\/strong><\/a> con el objetivo de facilitar la activaci\u00f3n de <strong>m\u00e1s de un millar de Comunidades Energ\u00e9ticas en Catalu\u00f1a<\/strong> para impulsar la transici\u00f3n energ\u00e9tica de cada uno de los 947 municipios, barrios de grandes ciudades y pol\u00edgonos industriales. <\/p>\n\n\n\n<p>Para hacerlo posible, el 10<strong> de octubre<\/strong> iniciamos una campa\u00f1a de comunicaci\u00f3n de la que nos gustar\u00eda que formara parte activa. Ya sea ayudando a hacer correr la voz, difundiendo una <a href=\"https:\/\/docs.google.com\/document\/d\/1pzA0IW5dphcI-ckARpQufg2qcfCVq7mwUzgvw3IPlHE\/edit\" target=\"_blank\" rel=\"noopener\"><strong>nota de prensa<\/strong><\/a> en los medios de comunicaci\u00f3n, o compartiendo alguna de las <strong><a href=\"https:\/\/docs.google.com\/document\/d\/16VJeI9mXOc_dDknszFUwSho2jWXCdsYGSQtpkuBM-18\/edit?usp=sharing\" target=\"_blank\" rel=\"noopener\">propuestas de publicaciones<\/a><\/strong> que tenemos preparadas para las redes sociales, entre <a href=\"https:\/\/drive.google.com\/drive\/folders\/1GCrBSRXTgqE7JONlldzp5yUj0bcKHTFK?usp=sharing\" target=\"_blank\" rel=\"noopener\"><strong>otras opciones<\/strong><\/a>.<\/p>\n\n\n\n<p><strong>Si est\u00e1s impulsando una Comunidad Energ\u00e9tica de la econom\u00eda social<\/strong>, ya puedes solicitar darla de alta para que se pueda visualizar en la p\u00e1gina web y facilitar que m\u00e1s personas se puedan sumar. Para ello, <a href=\"https:\/\/somcomunitats.coop\/#troba-la-teva-comunitat\"><strong>entra en el mapa<\/strong><\/a> y ves en la Comunidad Energ\u00e9tica que encontrar\u00e1s en tu municipio. All\u00ed te aparecer\u00e1 el enlace para acceder al formulario:<\/p>\n\n\n\n<div style=\"height:30px\" aria-hidden=\"true\" class=\"wp-block-spacer\"><\/div>\n\n\n\n<figure class=\"wp-block-image size-full\"><img loading=\"lazy\" decoding=\"async\" width=\"1600\" height=\"1033\" src=\"https:\/\/somcomunitats.coop\/wp-content\/uploads\/2023\/10\/alta-comunitats.png\" alt=\"\" class=\"wp-image-4145\" srcset=\"https:\/\/somcomunitats.coop\/wp-content\/uploads\/2023\/10\/alta-comunitats.png 1600w, https:\/\/somcomunitats.coop\/wp-content\/uploads\/2023\/10\/alta-comunitats-300x194.png 300w, https:\/\/somcomunitats.coop\/wp-content\/uploads\/2023\/10\/alta-comunitats-1024x661.png 1024w, https:\/\/somcomunitats.coop\/wp-content\/uploads\/2023\/10\/alta-comunitats-768x496.png 768w, https:\/\/somcomunitats.coop\/wp-content\/uploads\/2023\/10\/alta-comunitats-1536x992.png 1536w\" sizes=\"auto, (max-width: 1600px) 100vw, 1600px\" \/><\/figure>\n\n\n\n<div style=\"height:30px\" aria-hidden=\"true\" class=\"wp-block-spacer\"><\/div>\n\n\n\n<p>Si nos has escrito en el pasado y todav\u00eda no nos hemos respondido, puedes responder este correo para reactivar el proceso y optar a tener presencia en el mapa, en la web y activar, en su caso, el acceso a la plataforma de gesti\u00f3n integral de tu Comunidad Energ\u00e9tica.<\/p>\n\n\n\n<p>Desde <strong>Somos Comunidades<\/strong> sabemos que la suma de muchas personas puede generar una energ\u00eda imparable. Juntas podemos dar un salto adelante en la necesaria transici\u00f3n energ\u00e9tica y social.<\/p>\n\n\n\n<figure class=\"wp-block-embed is-type-video is-provider-youtube wp-block-embed-youtube wp-embed-aspect-16-9 wp-has-aspect-ratio\"><div class=\"wp-block-embed__wrapper\">\n<iframe loading=\"lazy\" title=\"Suma&#039;t a la teva Comunitat Energ\u00e8tica\" width=\"500\" height=\"281\" src=\"https:\/\/www.youtube.com\/embed\/afwvaXfOj2Y?feature=oembed\" frameborder=\"0\" allow=\"accelerometer; autoplay; clipboard-write; encrypted-media; gyroscope; picture-in-picture; web-share\" referrerpolicy=\"strict-origin-when-cross-origin\" allowfullscreen><\/iframe>\n<\/div><\/figure>\n\n\n\n<p><\/p>\n","protected":false},"excerpt":{"rendered":"<p>Como seguramente has podido ver, ya tenemos a punto el nuevo portal web con el objetivo de facilitar la activaci\u00f3n de m\u00e1s de un millar de Comunidades Energ\u00e9ticas en Catalu\u00f1a para impulsar la transici\u00f3n energ\u00e9tica de cada uno de los 947 municipios, barrios de grandes ciudades y pol\u00edgonos industriales. Para hacerlo posible, el 10 de [&hellip;]<\/p>\n","protected":false},"author":3,"featured_media":9026,"template":"single-noticia","categories":[285,284],"tags":[],"class_list":["post-10964","ce-news","type-ce-news","status-publish","has-post-thumbnail","hentry","category-archive-eu","category-slider-eu"],"_links":{"self":[{"href":"https:\/\/somcomunitats.coop\/eu\/wp-json\/wp\/v2\/ce-news\/10964","targetHints":{"allow":["GET"]}}],"collection":[{"href":"https:\/\/somcomunitats.coop\/eu\/wp-json\/wp\/v2\/ce-news"}],"about":[{"href":"https:\/\/somcomunitats.coop\/eu\/wp-json\/wp\/v2\/types\/ce-news"}],"author":[{"embeddable":true,"href":"https:\/\/somcomunitats.coop\/eu\/wp-json\/wp\/v2\/users\/3"}],"wp:featuredmedia":[{"embeddable":true,"href":"https:\/\/somcomunitats.coop\/eu\/wp-json\/wp\/v2\/media\/9026"}],"wp:attachment":[{"href":"https:\/\/somcomunitats.coop\/eu\/wp-json\/wp\/v2\/media?parent=10964"}],"wp:term":[{"taxonomy":"category","embeddable":true,"href":"https:\/\/somcomunitats.coop\/eu\/wp-json\/wp\/v2\/categories?post=10964"},{"taxonomy":"post_tag","embeddable":true,"href":"https:\/\/somcomunitats.coop\/eu\/wp-json\/wp\/v2\/tags?post=10964"}],"curies":[{"name":"wp","href":"https:\/\/api.w.org\/{rel}","templated":true}]}}