  {"id":11404,"date":"2025-09-05T12:15:27","date_gmt":"2025-09-05T12:15:27","guid":{"rendered":"https:\/\/somcomunitats.coop\/?post_type=ce-news&#038;p=11404"},"modified":"2026-03-17T11:21:53","modified_gmt":"2026-03-17T11:21:53","slug":"800-comunidades-energeticas-en-euskal-herria-madrid-y-castilla-y-leon","status":"publish","type":"ce-news","link":"https:\/\/somcomunitats.coop\/eu\/noticies\/800-comunidades-energeticas-en-euskal-herria-madrid-y-castilla-y-leon\/","title":{"rendered":"Nueva campa\u00f1a para activar 800 Comunidades Energ\u00e9ticas en Euskal Herria, Madrid y Castilla y Le\u00f3n"},"content":{"rendered":"\n<p class=\"has-text-align-right\"><em>Nota de Prensa<\/em><\/p>\n\n\n\n<ul class=\"wp-block-list\">\n<li>Ya pueden sumarse las personas, entidades y administraciones p\u00fablicas de estos tres nuevos territorios.<\/li>\n\n\n\n<li>En Catalu\u00f1a la campa\u00f1a ha juntado ya a 1.891 personas para activar 447 nuevas Comunidades Energ\u00e9ticas y el objetivo es llegar a una nueva Comunidad en cada pueblo y barrio de gran ciudad.\u00a0<\/li>\n\n\n\n<li>Valencia, Andaluc\u00eda y Extremadura: los pr\u00f3ximos territorios donde se extender\u00e1 la campa\u00f1a.<\/li>\n<\/ul>\n\n\n\n<p>La alianza de cooperativas para impulsar Comunidades Energ\u00e9ticas a nivel estatal lanza una campa\u00f1a en Euskal Herria, Madrid y Castilla y Le\u00f3n con el objetivo de que todas las personas, entidades y administraciones p\u00fablicas que quieran se puedan sumar a activar m\u00e1s de 800 nuevas Comunidades Energ\u00e9ticas de la Econom\u00eda Social.&nbsp;<\/p>\n\n\n\n<p>Esta acci\u00f3n se enmarca en un plan estatal para poner en marcha m\u00e1s de 1.800 Comunidades Energ\u00e9ticas en todo el pa\u00eds, siguiendo el \u00e9xito alcanzado en Catalu\u00f1a con la campa\u00f1a \u201cS\u00famate\u201d, donde ya se est\u00e1n activando 447 nuevas Comunidades gracias a la participaci\u00f3n ciudadana.<\/p>\n\n\n\n<p>Las cooperativas que forman parte de esta alianza son Goiener, Ecooo, Energ\u00e9tica, Som Energia, Som Mobilitat, Tandem Social, ePlural, AeioLuz, Cooperase y EnVerde, que unen fuerzas para extender el modelo de Comunidades Energ\u00e9ticas de la Econom\u00eda Social y Solidaria en distintos territorios.<\/p>\n\n\n\n<h5 class=\"wp-block-heading\"><strong><strong>Euskal Herria: objetivo, 343 nuevas Comunidades Energ\u00e9ticas<\/strong><\/strong><\/h5>\n\n\n\n<p>En Euskal Herria, el reto es activar 343 nuevas Comunidades, contando con la experiencia de <strong>Goiener<\/strong>, cooperativa referente en el territorio. Quien quiera sumarse solo tiene que localizar su municipio en el <a href=\"https:\/\/somcomunitats.coop\/noticies\/euskal-herria\/\"><strong>mapa interactivo de Euskal Herria<\/strong><\/a> e inscribirse en la Comunidad m\u00e1s cercana para participar en su puesta en marcha, pudiendo escoger el grado de participaci\u00f3n y los servicios energ\u00e9ticos deseados, ya sean de generaci\u00f3n renovable, movilidad sostenible o eficiencia energ\u00e9tica, entre otros muchos m\u00e1s.&nbsp;<\/p>\n\n\n\n<h5 class=\"wp-block-heading\"><strong><strong><strong>Madrid: objetivo, 184 nuevas Comunidades Energ\u00e9ticas<\/strong><\/strong><\/strong><\/h5>\n\n\n\n<p>En la Comunidad de Madrid y parte de Castilla La Mancha, el reto es activar 184 nuevas Comunidades, contando con la experiencia de <strong>Ecooo<\/strong>, cooperativa referente en el territorio. Quien quiera sumarse solo tiene que localizar su municipio en el <a href=\"https:\/\/somcomunitats.coop\/noticies\/madrid\/\"><strong>mapa interactivo de Madrid<\/strong><\/a> e inscribirse en la Comunidad m\u00e1s cercana para participar en su puesta en marcha, pudiendo escoger el grado de participaci\u00f3n y los servicios energ\u00e9ticos deseados, ya sean de generaci\u00f3n renovable, movilidad sostenible o eficiencia energ\u00e9tica, entre otros muchos m\u00e1s.&nbsp;<\/p>\n\n\n\n<h5 class=\"wp-block-heading\"><strong><strong><strong><strong>Castilla y Le\u00f3n: objetivo, 324 nuevas Comunidades Energ\u00e9ticas<\/strong><\/strong><\/strong><\/strong><\/h5>\n\n\n\n<p>En Castilla y Le\u00f3n, el reto es activar 324 nuevas Comunidades, contando con la experiencia de <strong>Energ\u00e9tica<\/strong>, cooperativa referente en el territorio. Quien quiera sumarse solo tiene que localizar su municipio en el <a href=\"https:\/\/somcomunitats.coop\/noticies\/castilla-leon\/\"><strong>mapa interactivo de Castilla y Le\u00f3n<\/strong><\/a> e inscribirse en la Comunidad m\u00e1s cercana para participar en su puesta en marcha, pudiendo escoger el grado de participaci\u00f3n y los servicios energ\u00e9ticos deseados, ya sean de generaci\u00f3n renovable, movilidad sostenible o eficiencia energ\u00e9tica, entre otros muchos m\u00e1s.<\/p>\n\n\n\n<h5 class=\"wp-block-heading\"><strong><strong><strong><strong>Catalu\u00f1a, objetivo, 1.000 nuevas Comunidades Energ\u00e9ticas<\/strong><\/strong><\/strong><\/strong><\/h5>\n\n\n\n<p>Paralelamente, en <a href=\"https:\/\/somcomunitats.coop\/es\/\"><strong>Catalu\u00f1a<\/strong><\/a> sigue activa la campa\u00f1a \u201cS\u00famate\u201d desde su lanzamiento en octubre de 2023 con el objetivo de llegar a crear m\u00e1s de 1.000 nuevas Comunidades Energ\u00e9ticas, una en cada municipio y barrio. En este tiempo, 1.891 personas se han unido para impulsar 447 nuevas Comunidades Energ\u00e9ticas en distintos municipios, demostrando que la suma de muchas personas puede generar una energ\u00eda imparable.&nbsp;<\/p>\n\n\n\n<p>La campa\u00f1a S\u00famate a nivel estatal tambi\u00e9n cuenta con <a href=\"https:\/\/www.youtube.com\/watch?v=Phq9aQETlLg&amp;list=PLOlydo6sHY0yARQeM5pThVs8uIdsk10xt&amp;index=6\" target=\"_blank\" rel=\"noreferrer noopener\"><strong>un anuncio<\/strong><\/a>, coproducido por las agencias Ardit y RetinaStudioArt, con una versi\u00f3n para redes sociales y televisi\u00f3n, con el objetivo de aumentar su difusi\u00f3n.&nbsp;<\/p>\n\n\n\n<figure class=\"wp-block-embed is-type-video is-provider-youtube wp-block-embed-youtube wp-embed-aspect-16-9 wp-has-aspect-ratio\"><div class=\"wp-block-embed__wrapper\">\n<iframe loading=\"lazy\" title=\"S\u00famate a Som Comunitats\" width=\"500\" height=\"281\" src=\"https:\/\/www.youtube.com\/embed\/Phq9aQETlLg?feature=oembed\" frameborder=\"0\" allow=\"accelerometer; autoplay; clipboard-write; encrypted-media; gyroscope; picture-in-picture; web-share\" referrerpolicy=\"strict-origin-when-cross-origin\" allowfullscreen><\/iframe>\n<\/div><\/figure>\n\n\n\n<p><\/p>\n\n\n\n<h5 class=\"wp-block-heading\">Una alianza estatal para compartir herramientas y democratizar la energ\u00eda<\/h5>\n\n\n\n<p>Las entidades de la alianza comparten el objetivo com\u00fan de querer democratizar la energ\u00eda y para ello disponen de las herramientas digitales de c\u00f3digo libre desarrolladas por <a href=\"https:\/\/somcomunitats.coop\/es\/quienes-somos\/\"><strong>Som Comunitats<\/strong><\/a> para simplificar tareas como la activaci\u00f3n, gesti\u00f3n y sostenibilidad de las Comunidades Energ\u00e9ticas a trav\u00e9s de un \u00e1rea de gesti\u00f3n para administradores, una app m\u00f3vil para las personas socias, un mapa interactivo, un foro y espacios web personalizados.<\/p>\n\n\n\n<p>\u201cEste nuevo proyecto es un gran paso para posicionar las Comunidades Energ\u00e9ticas como una soluci\u00f3n real y escalable en todo el territorio espa\u00f1ol. Apostamos por un modelo energ\u00e9tico justo, democr\u00e1tico y en manos de la ciudadan\u00eda\u201d, se\u00f1alan conjuntamente las entidades impulsoras.<\/p>\n\n\n\n<h5 class=\"wp-block-heading\">Sobre las 10 entidades impulsoras a nivel estatal<\/h5>\n\n\n\n<p><a href=\"https:\/\/somcomunitats.coop\/es\/noticies\/ndp-nace-una-alianza-cooperativa-para-impulsar-comunidades-energeticas-a-nivel-estatal\/\">La alianza<\/a>, en constante expansi\u00f3n, est\u00e1 compuesta por las siguientes cooperativas referentes:<\/p>\n\n\n\n<ul class=\"wp-block-list\">\n<li><a href=\"https:\/\/www.somenergia.coop\/es\/\" target=\"_blank\" rel=\"noreferrer noopener\">Som Energia<\/a>: Cooperativa de consumo de energ\u00eda verde sin \u00e1nimo de lucro, que se dedica a la comercializaci\u00f3n y la producci\u00f3n de energ\u00eda de origen renovable, para impulsar un cambio del modelo energ\u00e9tico actual y conseguir un modelo 100% renovable.<\/li>\n\n\n\n<li><a href=\"https:\/\/www.goiener.com\/es\/\" target=\"_blank\" rel=\"noreferrer noopener\"><strong>Goiener<\/strong><\/a>: Cooperativa energ\u00e9tica ciudadana sin \u00e1nimo de lucro. Vende energ\u00eda el\u00e9ctrica 100% renovable a personas y entidades socias y genera su propia energ\u00eda renovable. Est\u00e1 especializada en la gesti\u00f3n y apoyo administrativo a Comunidades Energ\u00e9ticas en el Pa\u00eds Vasco y Navarra.<\/li>\n\n\n\n<li><a href=\"https:\/\/ecooo.es\/\" target=\"_blank\" rel=\"noreferrer noopener\"><strong>Ecooo<\/strong><\/a><strong>:<\/strong> Cooperativa de trabajo asociado que impulsa proyectos de autoconsumo, inversi\u00f3n, consultor\u00eda, innovaci\u00f3n y participaci\u00f3n ciudadana en energ\u00eda renovable. Est\u00e1 especializada en el apoyo a Comunidades Energ\u00e9ticas en Madrid y Castilla-La Mancha.<\/li>\n\n\n\n<li><a href=\"https:\/\/www.energetica.coop\/\" target=\"_blank\" rel=\"noreferrer noopener\"><strong>Energ\u00e9tica<\/strong><\/a><strong>:<\/strong> Cooperativa de consumo y producci\u00f3n de energ\u00edas renovables sin \u00e1nimo de lucro, democr\u00e1tica, transparente y horizontal. Con sede en Castilla y Le\u00f3n y amplia experiencia en autoconsumo y comunidades energ\u00e9ticas.<\/li>\n\n\n\n<li><a href=\"https:\/\/www.sommobilitat.coop\/es\/\" target=\"_blank\" rel=\"noreferrer noopener\"><strong>Som Mobilitat<\/strong><\/a>: Cooperativa de consumo sin \u00e1nimo de lucro que ofrece servicios y productos de movilidad para acelerar la transici\u00f3n hacia una movilidad m\u00e1s sostenible.<\/li>\n\n\n\n<li><a href=\"https:\/\/eplural.coop\/\" target=\"_blank\" rel=\"noreferrer noopener\"><strong>ePlural<\/strong><\/a>: Cooperativa de segundo grado que trabaja para conseguir la transici\u00f3n energ\u00e9tica, formada por 5 cooperativas expertas en el sector energ\u00e9tico, la movilidad sostenible y el desarrollo de la econom\u00eda social y solidaria.<\/li>\n\n\n\n<li><a href=\"https:\/\/www.tandemsocial.coop\/es\/\" target=\"_blank\" rel=\"noreferrer noopener\"><strong>Tandem Social<\/strong><\/a><strong>:<\/strong> Cooperativa de trabajo con experiencia en innovaci\u00f3n, en la mejora de las condiciones laborales de las trabajadoras de distintas organizaciones y en estrat\u00e9gia para el crecimiento de la econom\u00eda social y solidaria.<\/li>\n\n\n\n<li><a href=\"https:\/\/aeioluz.com\/\" target=\"_blank\" rel=\"noopener\"><strong>Aeioluz<\/strong><\/a>: Cooperativa de trabajo valenciana que opera como facilitadores del cambio energ\u00e9tico. Con nuestro trabajo conseguimos que ayuntamientos, empresas o comunidades educativas hagan un uso m\u00e1s consciente, sostenible y responsable de la energ\u00eda.<\/li>\n\n\n\n<li><a href=\"https:\/\/cooperase.org\/\" target=\"_blank\" rel=\"noopener\"><strong>Cooperase<\/strong><\/a>: Cooperativa de trabajo granadina que desde 2017 realiza proyectos de consultor\u00eda, ingenier\u00eda y arquitectura relacionados con el ahorro energ\u00e9tico, las energ\u00edas renovables, el medio ambiente, el urbanismo sostenible y la transici\u00f3n energ\u00e9tica.<\/li>\n\n\n\n<li><a href=\"https:\/\/www.energiaenverde.com\/\" target=\"_blank\" rel=\"noopener\"><strong>Enverde<\/strong><\/a>: Cooperativa de consumo que surge de la uni\u00f3n de personas que viven por todo el territorio de Extremadura y que est\u00e1n unidas por la convicci\u00f3n de que otro modelo energ\u00e9tico es posible: un modelo distribuido, horizontal y en manos de las personas.<\/li>\n<\/ul>\n\n\n\n<div style=\"height:3rem;width:0px\" aria-hidden=\"true\" class=\"wp-block-spacer is-style-show-tablet-desktop\"><\/div>\n\n\n\n<figure class=\"wp-block-image size-full\"><img loading=\"lazy\" decoding=\"async\" width=\"2100\" height=\"664\" src=\"https:\/\/somcomunitats.coop\/wp-content\/uploads\/2025\/09\/alianza-estatal-cooperativas-comunidades-energeticas-logos.png\" alt=\"\" class=\"wp-image-11400\" srcset=\"https:\/\/somcomunitats.coop\/wp-content\/uploads\/2025\/09\/alianza-estatal-cooperativas-comunidades-energeticas-logos.png 2100w, https:\/\/somcomunitats.coop\/wp-content\/uploads\/2025\/09\/alianza-estatal-cooperativas-comunidades-energeticas-logos-300x95.png 300w, https:\/\/somcomunitats.coop\/wp-content\/uploads\/2025\/09\/alianza-estatal-cooperativas-comunidades-energeticas-logos-1024x324.png 1024w, https:\/\/somcomunitats.coop\/wp-content\/uploads\/2025\/09\/alianza-estatal-cooperativas-comunidades-energeticas-logos-768x243.png 768w, https:\/\/somcomunitats.coop\/wp-content\/uploads\/2025\/09\/alianza-estatal-cooperativas-comunidades-energeticas-logos-1536x486.png 1536w, https:\/\/somcomunitats.coop\/wp-content\/uploads\/2025\/09\/alianza-estatal-cooperativas-comunidades-energeticas-logos-2048x648.png 2048w\" sizes=\"auto, (max-width: 2100px) 100vw, 2100px\" \/><\/figure>\n\n\n\n<div style=\"height:100px;width:0px\" aria-hidden=\"true\" class=\"wp-block-spacer is-style-show-tablet-desktop\"><\/div>\n\n\n\n<h5 class=\"wp-block-heading\"><strong><strong>M\u00e1s informaci\u00f3n y contacto<\/strong><\/strong><\/h5>\n\n\n\n<p>Para m\u00e1s informaci\u00f3n, entrevistas o materiales gr\u00e1ficos, contactar con:<br>Francesc Casadell\u00e0<br>Tel\u00e9fono: 638 543 840<br>Mail: premsa@somcomunitats.coop<strong><br><\/strong>web: <a href=\"https:\/\/somcomunitats.coop\/plataforma\/\" target=\"_blank\" rel=\"noreferrer noopener\">somcomunitats.coop\/es\/plataforma<\/a><\/p>\n\n\n\n<p><\/p>\n","protected":false},"excerpt":{"rendered":"<p>Nota de Prensa La alianza de cooperativas para impulsar Comunidades Energ\u00e9ticas a nivel estatal lanza una campa\u00f1a en Euskal Herria, Madrid y Castilla y Le\u00f3n con el objetivo de que todas las personas, entidades y administraciones p\u00fablicas que quieran se puedan sumar a activar m\u00e1s de 800 nuevas Comunidades Energ\u00e9ticas de la Econom\u00eda Social.&nbsp; Esta [&hellip;]<\/p>\n","protected":false},"author":2,"featured_media":11406,"template":"single-noticia","categories":[284],"tags":[290],"class_list":["post-11404","ce-news","type-ce-news","status-publish","has-post-thumbnail","hentry","category-slider-eu","tag-sumate-eu"],"_links":{"self":[{"href":"https:\/\/somcomunitats.coop\/eu\/wp-json\/wp\/v2\/ce-news\/11404","targetHints":{"allow":["GET"]}}],"collection":[{"href":"https:\/\/somcomunitats.coop\/eu\/wp-json\/wp\/v2\/ce-news"}],"about":[{"href":"https:\/\/somcomunitats.coop\/eu\/wp-json\/wp\/v2\/types\/ce-news"}],"author":[{"embeddable":true,"href":"https:\/\/somcomunitats.coop\/eu\/wp-json\/wp\/v2\/users\/2"}],"wp:featuredmedia":[{"embeddable":true,"href":"https:\/\/somcomunitats.coop\/eu\/wp-json\/wp\/v2\/media\/11406"}],"wp:attachment":[{"href":"https:\/\/somcomunitats.coop\/eu\/wp-json\/wp\/v2\/media?parent=11404"}],"wp:term":[{"taxonomy":"category","embeddable":true,"href":"https:\/\/somcomunitats.coop\/eu\/wp-json\/wp\/v2\/categories?post=11404"},{"taxonomy":"post_tag","embeddable":true,"href":"https:\/\/somcomunitats.coop\/eu\/wp-json\/wp\/v2\/tags?post=11404"}],"curies":[{"name":"wp","href":"https:\/\/api.w.org\/{rel}","templated":true}]}}